{"id":20336,"date":"2022-03-21T16:22:14","date_gmt":"2022-03-21T15:22:14","guid":{"rendered":"https:\/\/faaircraftsales.com\/?p=20336"},"modified":"2022-03-21T16:22:14","modified_gmt":"2022-03-21T15:22:14","slug":"kauf-eines-privatjets-als-privater-eigentuemer","status":"publish","type":"post","link":"https:\/\/faaircraftsales.com\/de\/zeitung-airplanesales\/kauf-eines-privatjets-als-privater-eigentuemer\/","title":{"rendered":"Kauf eines Privatjets als privater Eigent\u00fcmer\/Betreiber!\u00a0"},"content":{"rendered":"\n<p>Der Kauf eines Privatjets unterscheidet sich vom Kauf einer Immobilie oder eines anderen hochwertigen Verm\u00f6genswerts. Der Kauf eines Privatjets ist nichts, was man normalerweise schnell \u00fcber die B\u00fchne bring, da es sich hierbei um einen stark regulierten Bereich handelt. Vielen potenziellen K\u00e4ufern ist nicht bewusst, dass seit August 2016 jeder Betreiber\/Eigent\u00fcmer eines komplexen motorgetriebenen Luftfahrzeugs, das in der EU registriert ist und f\u00fcr nichtgewerbliche Fl\u00fcge eingesetzt wird, die Vorschriften des EASA Part NCC (Non-commercial complex) erf\u00fcllen muss.<\/p>\n\n\n\n<p>Kurz gesagt beinhaltet diese EASA Part NCC-Verordnung, dass nicht-gewerbliche Betreiber\/Eigent\u00fcmer den Sicherheitsrahmen anpassen m\u00fcssen, der dem von gewerblichen Betreibern mit einem Luftverkehrsbetreiberzeugnis (AOC) \u00e4hnelt. Diese &#8220;neue Vorschrift&#8221; gilt f\u00fcr alle nicht-gewerblichen Betreiber, die ein komplexes motorgetriebenes Flugzeug fliegen, das in einem EASA-Mitgliedstaat registriert ist. Dies gilt auch f\u00fcr Luftfahrzeuge, die nicht in einem EASA-Mitgliedstaat registriert sind, bei denen der Betreiber jedoch in einem EASA-Staat niedergelassen oder ans\u00e4ssig ist.<\/p>\n\n\n\n<h4 class=\"wp-block-heading\">Flugzeuge<\/h4>\n\n\n\n<p>Gem\u00e4\u00df der Verordnung (EU) 2018\/1139 bedeutet der Begriff &#8220;komplexes motorgetriebenes Luftfahrzeug&#8221;, dass das Luftfahrzeug mindestens eines der folgenden Merkmale aufweist:<\/p>\n\n\n\n<p>&#8211; Hat eine maximale Masse von mehr als 5700 kg beim Start.<\/p>\n\n\n\n<p>&#8211; Es verf\u00fcgt \u00fcber eine zertifizierte, maximale Passagiersitzkonfiguration von mehr als 19 Personen.<\/p>\n\n\n\n<p>&#8211; Es ist f\u00fcr eine Mindestbesatzung von zwei Piloten zugelassen.<\/p>\n\n\n\n<p>&#8211; Es ist mit (einem) Turbotriebwerk(en) oder mehr als einem Turboprop-Triebwerk ausgestattet.<\/p>\n\n\n\n<h4 class=\"wp-block-heading\">Umsetzung<\/h4>\n\n\n\n<p>In Teil-NCC wird die Sicherheit angesprochen, und es muss ein strukturierter und risikobasierter Ansatz f\u00fcr die Sicherheit umgesetzt werden. Hier sind einige der Punkte, die eingerichtet werden m\u00fcssen:<\/p>\n\n\n\n<p>&#8211; Mindestausr\u00fcstungsliste (MEL)<\/p>\n\n\n\n<p>&#8211; Betriebshandbuch (OM)<\/p>\n\n\n\n<p>&#8211; Managementsystem<\/p>\n\n\n\n<p>&#8211; Zuweisung des Luftfahrzeugs an ein Unternehmen zur F\u00fchrung der Aufrechterhaltung der Luftt\u00fcchtigkeit (CAMO)<\/p>\n\n\n\n<p>&#8211; Audit-Plan<\/p>\n\n\n\n<p>Weitere Informationen zu den Part-NCC-Vorschriften finden Sie <a href=\"https:\/\/www.easa.europa.eu\/domains\/air-operations\/non-commercial-operations-ncc-complex-motor-powered-aircraft\" target=\"_blank\" rel=\"noreferrer noopener\">hier<\/a>.<\/p>\n\n\n\n<p>Erw\u00e4gen Sie den Kauf eines Privatjets? Lesen Sie unseren Blog \u00fcber die <a href=\"https:\/\/faaircraftsales.com\/de\/einen-privatjet-kaufen\" target=\"_blank\" rel=\"noreferrer noopener\">10 Fragen, die Sie sich vor dem Kauf eines Privatjets stellen sollten<\/a>!<\/p>\n\n\n\n<p>Wenn Sie weitere Fragen haben, k\u00f6nnen Sie uns gerne unter <a href=\"mailto:sales@faaircraftsales.com\" target=\"_blank\" rel=\"noreferrer noopener\">sales@faaircraftsales.com<\/a> oder der Nummer +31 (0)15 820 0999 kontaktieren.<\/p>\n","protected":false},"excerpt":{"rendered":"<p>Der Kauf eines Privatjets unterscheidet sich vom Kauf einer Immobilie oder eines anderen hochwertigen Verm\u00f6genswerts. Der Kauf eines Privatjets ist nichts, was man normalerweise schnell \u00fcber die B\u00fchne bring, da es sich hierbei um einen stark regulierten Bereich handelt. Vielen potenziellen K\u00e4ufern ist nicht bewusst, dass seit August 2016 jeder Betreiber\/Eigent\u00fcmer eines komplexen motorgetriebenen Luftfahrzeugs, &hellip; <a href=\"https:\/\/faaircraftsales.com\/de\/zeitung-airplanesales\/kauf-eines-privatjets-als-privater-eigentuemer\/\">Continued<\/a><\/p>\n","protected":false},"author":2,"featured_media":20313,"comment_status":"closed","ping_status":"closed","sticky":false,"template":"","format":"standard","meta":{"_acf_changed":false,"footnotes":""},"categories":[21],"tags":[],"class_list":["post-20336","post","type-post","status-publish","format-standard","has-post-thumbnail","hentry","category-zeitung-airplanesales"],"acf":[],"yoast_head":"<!-- This site is optimized with the Yoast SEO plugin v27.4 - https:\/\/yoast.com\/product\/yoast-seo-wordpress\/ -->\n<title>Kauf eines Privatjets als privater Eigent\u00fcmer\/Betreiber!\u00a0<\/title>\n<meta name=\"description\" content=\"Ist Ihnen bewusst, dass jeder private Besitzer eines Privatjets, der f\u00fcr private Fl\u00fcge genutzt wird, EASA Part NCC anwenden muss?\" \/>\n<meta name=\"robots\" content=\"index, follow, max-snippet:-1, max-image-preview:large, max-video-preview:-1\" \/>\n<link rel=\"canonical\" href=\"https:\/\/faaircraftsales.com\/de\/zeitung-airplanesales\/kauf-eines-privatjets-als-privater-eigentuemer\/\" \/>\n<meta property=\"og:locale\" content=\"de_DE\" \/>\n<meta property=\"og:type\" content=\"article\" \/>\n<meta property=\"og:title\" content=\"Kauf eines Privatjets als privater Eigent\u00fcmer\/Betreiber!\u00a0\" \/>\n<meta property=\"og:description\" content=\"Ist Ihnen bewusst, dass jeder private Besitzer eines Privatjets, der f\u00fcr private Fl\u00fcge genutzt wird, EASA Part NCC anwenden muss?\" \/>\n<meta property=\"og:url\" content=\"https:\/\/faaircraftsales.com\/de\/zeitung-airplanesales\/kauf-eines-privatjets-als-privater-eigentuemer\/\" \/>\n<meta property=\"og:site_name\" content=\"Fly Aeolus\" \/>\n<meta property=\"article:published_time\" content=\"2022-03-21T15:22:14+00:00\" \/>\n<meta property=\"og:image\" content=\"https:\/\/faaircraftsales.com\/wp-content\/uploads\/2022\/03\/IMG_1481-scaled.jpg\" \/>\n\t<meta property=\"og:image:width\" content=\"2560\" \/>\n\t<meta property=\"og:image:height\" content=\"1920\" \/>\n\t<meta property=\"og:image:type\" content=\"image\/jpeg\" \/>\n<meta name=\"author\" content=\"Vincent Wigmans\" \/>\n<meta name=\"twitter:card\" content=\"summary_large_image\" \/>\n<meta name=\"twitter:label1\" content=\"Written by\" \/>\n\t<meta name=\"twitter:data1\" content=\"Vincent Wigmans\" \/>\n\t<meta name=\"twitter:label2\" content=\"Est. reading time\" \/>\n\t<meta name=\"twitter:data2\" content=\"2 minutes\" \/>\n<script type=\"application\/ld+json\" class=\"yoast-schema-graph\">{\"@context\":\"https:\\\/\\\/schema.org\",\"@graph\":[{\"@type\":\"Article\",\"@id\":\"https:\\\/\\\/faaircraftsales.com\\\/de\\\/zeitung-airplanesales\\\/kauf-eines-privatjets-als-privater-eigentuemer\\\/#article\",\"isPartOf\":{\"@id\":\"https:\\\/\\\/faaircraftsales.com\\\/de\\\/zeitung-airplanesales\\\/kauf-eines-privatjets-als-privater-eigentuemer\\\/\"},\"author\":{\"name\":\"Vincent Wigmans\",\"@id\":\"https:\\\/\\\/faaircraftsales.com\\\/#\\\/schema\\\/person\\\/f0d5e5d42e2dfa46644ed118b7390c61\"},\"headline\":\"Kauf eines Privatjets als privater Eigent\u00fcmer\\\/Betreiber!\u00a0\",\"datePublished\":\"2022-03-21T15:22:14+00:00\",\"mainEntityOfPage\":{\"@id\":\"https:\\\/\\\/faaircraftsales.com\\\/de\\\/zeitung-airplanesales\\\/kauf-eines-privatjets-als-privater-eigentuemer\\\/\"},\"wordCount\":342,\"image\":{\"@id\":\"https:\\\/\\\/faaircraftsales.com\\\/de\\\/zeitung-airplanesales\\\/kauf-eines-privatjets-als-privater-eigentuemer\\\/#primaryimage\"},\"thumbnailUrl\":\"https:\\\/\\\/faaircraftsales.com\\\/wp-content\\\/uploads\\\/2022\\\/03\\\/IMG_1481-scaled.jpg\",\"articleSection\":[\"Blog\"],\"inLanguage\":\"de-DE\"},{\"@type\":\"WebPage\",\"@id\":\"https:\\\/\\\/faaircraftsales.com\\\/de\\\/zeitung-airplanesales\\\/kauf-eines-privatjets-als-privater-eigentuemer\\\/\",\"url\":\"https:\\\/\\\/faaircraftsales.com\\\/de\\\/zeitung-airplanesales\\\/kauf-eines-privatjets-als-privater-eigentuemer\\\/\",\"name\":\"Kauf eines Privatjets als privater Eigent\u00fcmer\\\/Betreiber!\u00a0\",\"isPartOf\":{\"@id\":\"https:\\\/\\\/faaircraftsales.com\\\/#website\"},\"primaryImageOfPage\":{\"@id\":\"https:\\\/\\\/faaircraftsales.com\\\/de\\\/zeitung-airplanesales\\\/kauf-eines-privatjets-als-privater-eigentuemer\\\/#primaryimage\"},\"image\":{\"@id\":\"https:\\\/\\\/faaircraftsales.com\\\/de\\\/zeitung-airplanesales\\\/kauf-eines-privatjets-als-privater-eigentuemer\\\/#primaryimage\"},\"thumbnailUrl\":\"https:\\\/\\\/faaircraftsales.com\\\/wp-content\\\/uploads\\\/2022\\\/03\\\/IMG_1481-scaled.jpg\",\"datePublished\":\"2022-03-21T15:22:14+00:00\",\"author\":{\"@id\":\"https:\\\/\\\/faaircraftsales.com\\\/#\\\/schema\\\/person\\\/f0d5e5d42e2dfa46644ed118b7390c61\"},\"description\":\"Ist Ihnen bewusst, dass jeder private Besitzer eines Privatjets, der f\u00fcr private Fl\u00fcge genutzt wird, EASA Part NCC anwenden muss?\",\"breadcrumb\":{\"@id\":\"https:\\\/\\\/faaircraftsales.com\\\/de\\\/zeitung-airplanesales\\\/kauf-eines-privatjets-als-privater-eigentuemer\\\/#breadcrumb\"},\"inLanguage\":\"de-DE\",\"potentialAction\":[{\"@type\":\"ReadAction\",\"target\":[\"https:\\\/\\\/faaircraftsales.com\\\/de\\\/zeitung-airplanesales\\\/kauf-eines-privatjets-als-privater-eigentuemer\\\/\"]}]},{\"@type\":\"ImageObject\",\"inLanguage\":\"de-DE\",\"@id\":\"https:\\\/\\\/faaircraftsales.com\\\/de\\\/zeitung-airplanesales\\\/kauf-eines-privatjets-als-privater-eigentuemer\\\/#primaryimage\",\"url\":\"https:\\\/\\\/faaircraftsales.com\\\/wp-content\\\/uploads\\\/2022\\\/03\\\/IMG_1481-scaled.jpg\",\"contentUrl\":\"https:\\\/\\\/faaircraftsales.com\\\/wp-content\\\/uploads\\\/2022\\\/03\\\/IMG_1481-scaled.jpg\",\"width\":2560,\"height\":1920,\"caption\":\"Een priv\u00e9jet kopen\"},{\"@type\":\"BreadcrumbList\",\"@id\":\"https:\\\/\\\/faaircraftsales.com\\\/de\\\/zeitung-airplanesales\\\/kauf-eines-privatjets-als-privater-eigentuemer\\\/#breadcrumb\",\"itemListElement\":[{\"@type\":\"ListItem\",\"position\":1,\"name\":\"Home\",\"item\":\"https:\\\/\\\/faaircraftsales.com\\\/de\\\/\"},{\"@type\":\"ListItem\",\"position\":2,\"name\":\"Kauf eines Privatjets als privater Eigent\u00fcmer\\\/Betreiber!\u00a0\"}]},{\"@type\":\"WebSite\",\"@id\":\"https:\\\/\\\/faaircraftsales.com\\\/#website\",\"url\":\"https:\\\/\\\/faaircraftsales.com\\\/\",\"name\":\"Fly Aeolus\",\"description\":\"\",\"potentialAction\":[{\"@type\":\"SearchAction\",\"target\":{\"@type\":\"EntryPoint\",\"urlTemplate\":\"https:\\\/\\\/faaircraftsales.com\\\/?s={search_term_string}\"},\"query-input\":{\"@type\":\"PropertyValueSpecification\",\"valueRequired\":true,\"valueName\":\"search_term_string\"}}],\"inLanguage\":\"de-DE\"},{\"@type\":\"Person\",\"@id\":\"https:\\\/\\\/faaircraftsales.com\\\/#\\\/schema\\\/person\\\/f0d5e5d42e2dfa46644ed118b7390c61\",\"name\":\"Vincent Wigmans\",\"image\":{\"@type\":\"ImageObject\",\"inLanguage\":\"de-DE\",\"@id\":\"https:\\\/\\\/secure.gravatar.com\\\/avatar\\\/b4035c020897e0016052900d6f0a1709626eb05158d183c1406a4853954882c1?s=96&d=mm&r=g\",\"url\":\"https:\\\/\\\/secure.gravatar.com\\\/avatar\\\/b4035c020897e0016052900d6f0a1709626eb05158d183c1406a4853954882c1?s=96&d=mm&r=g\",\"contentUrl\":\"https:\\\/\\\/secure.gravatar.com\\\/avatar\\\/b4035c020897e0016052900d6f0a1709626eb05158d183c1406a4853954882c1?s=96&d=mm&r=g\",\"caption\":\"Vincent Wigmans\"},\"url\":\"https:\\\/\\\/faaircraftsales.com\\\/de\\\/author\\\/vincentflyaeolus-com\\\/\"}]}<\/script>\n<!-- \/ Yoast SEO plugin. -->","yoast_head_json":{"title":"Kauf eines Privatjets als privater Eigent\u00fcmer\/Betreiber!\u00a0","description":"Ist Ihnen bewusst, dass jeder private Besitzer eines Privatjets, der f\u00fcr private Fl\u00fcge genutzt wird, EASA Part NCC anwenden muss?","robots":{"index":"index","follow":"follow","max-snippet":"max-snippet:-1","max-image-preview":"max-image-preview:large","max-video-preview":"max-video-preview:-1"},"canonical":"https:\/\/faaircraftsales.com\/de\/zeitung-airplanesales\/kauf-eines-privatjets-als-privater-eigentuemer\/","og_locale":"de_DE","og_type":"article","og_title":"Kauf eines Privatjets als privater Eigent\u00fcmer\/Betreiber!\u00a0","og_description":"Ist Ihnen bewusst, dass jeder private Besitzer eines Privatjets, der f\u00fcr private Fl\u00fcge genutzt wird, EASA Part NCC anwenden muss?","og_url":"https:\/\/faaircraftsales.com\/de\/zeitung-airplanesales\/kauf-eines-privatjets-als-privater-eigentuemer\/","og_site_name":"Fly Aeolus","article_published_time":"2022-03-21T15:22:14+00:00","og_image":[{"width":2560,"height":1920,"url":"https:\/\/faaircraftsales.com\/wp-content\/uploads\/2022\/03\/IMG_1481-scaled.jpg","type":"image\/jpeg"}],"author":"Vincent Wigmans","twitter_card":"summary_large_image","twitter_misc":{"Written by":"Vincent Wigmans","Est. reading time":"2 minutes"},"schema":{"@context":"https:\/\/schema.org","@graph":[{"@type":"Article","@id":"https:\/\/faaircraftsales.com\/de\/zeitung-airplanesales\/kauf-eines-privatjets-als-privater-eigentuemer\/#article","isPartOf":{"@id":"https:\/\/faaircraftsales.com\/de\/zeitung-airplanesales\/kauf-eines-privatjets-als-privater-eigentuemer\/"},"author":{"name":"Vincent Wigmans","@id":"https:\/\/faaircraftsales.com\/#\/schema\/person\/f0d5e5d42e2dfa46644ed118b7390c61"},"headline":"Kauf eines Privatjets als privater Eigent\u00fcmer\/Betreiber!\u00a0","datePublished":"2022-03-21T15:22:14+00:00","mainEntityOfPage":{"@id":"https:\/\/faaircraftsales.com\/de\/zeitung-airplanesales\/kauf-eines-privatjets-als-privater-eigentuemer\/"},"wordCount":342,"image":{"@id":"https:\/\/faaircraftsales.com\/de\/zeitung-airplanesales\/kauf-eines-privatjets-als-privater-eigentuemer\/#primaryimage"},"thumbnailUrl":"https:\/\/faaircraftsales.com\/wp-content\/uploads\/2022\/03\/IMG_1481-scaled.jpg","articleSection":["Blog"],"inLanguage":"de-DE"},{"@type":"WebPage","@id":"https:\/\/faaircraftsales.com\/de\/zeitung-airplanesales\/kauf-eines-privatjets-als-privater-eigentuemer\/","url":"https:\/\/faaircraftsales.com\/de\/zeitung-airplanesales\/kauf-eines-privatjets-als-privater-eigentuemer\/","name":"Kauf eines Privatjets als privater Eigent\u00fcmer\/Betreiber!\u00a0","isPartOf":{"@id":"https:\/\/faaircraftsales.com\/#website"},"primaryImageOfPage":{"@id":"https:\/\/faaircraftsales.com\/de\/zeitung-airplanesales\/kauf-eines-privatjets-als-privater-eigentuemer\/#primaryimage"},"image":{"@id":"https:\/\/faaircraftsales.com\/de\/zeitung-airplanesales\/kauf-eines-privatjets-als-privater-eigentuemer\/#primaryimage"},"thumbnailUrl":"https:\/\/faaircraftsales.com\/wp-content\/uploads\/2022\/03\/IMG_1481-scaled.jpg","datePublished":"2022-03-21T15:22:14+00:00","author":{"@id":"https:\/\/faaircraftsales.com\/#\/schema\/person\/f0d5e5d42e2dfa46644ed118b7390c61"},"description":"Ist Ihnen bewusst, dass jeder private Besitzer eines Privatjets, der f\u00fcr private Fl\u00fcge genutzt wird, EASA Part NCC anwenden muss?","breadcrumb":{"@id":"https:\/\/faaircraftsales.com\/de\/zeitung-airplanesales\/kauf-eines-privatjets-als-privater-eigentuemer\/#breadcrumb"},"inLanguage":"de-DE","potentialAction":[{"@type":"ReadAction","target":["https:\/\/faaircraftsales.com\/de\/zeitung-airplanesales\/kauf-eines-privatjets-als-privater-eigentuemer\/"]}]},{"@type":"ImageObject","inLanguage":"de-DE","@id":"https:\/\/faaircraftsales.com\/de\/zeitung-airplanesales\/kauf-eines-privatjets-als-privater-eigentuemer\/#primaryimage","url":"https:\/\/faaircraftsales.com\/wp-content\/uploads\/2022\/03\/IMG_1481-scaled.jpg","contentUrl":"https:\/\/faaircraftsales.com\/wp-content\/uploads\/2022\/03\/IMG_1481-scaled.jpg","width":2560,"height":1920,"caption":"Een priv\u00e9jet kopen"},{"@type":"BreadcrumbList","@id":"https:\/\/faaircraftsales.com\/de\/zeitung-airplanesales\/kauf-eines-privatjets-als-privater-eigentuemer\/#breadcrumb","itemListElement":[{"@type":"ListItem","position":1,"name":"Home","item":"https:\/\/faaircraftsales.com\/de\/"},{"@type":"ListItem","position":2,"name":"Kauf eines Privatjets als privater Eigent\u00fcmer\/Betreiber!\u00a0"}]},{"@type":"WebSite","@id":"https:\/\/faaircraftsales.com\/#website","url":"https:\/\/faaircraftsales.com\/","name":"Fly Aeolus","description":"","potentialAction":[{"@type":"SearchAction","target":{"@type":"EntryPoint","urlTemplate":"https:\/\/faaircraftsales.com\/?s={search_term_string}"},"query-input":{"@type":"PropertyValueSpecification","valueRequired":true,"valueName":"search_term_string"}}],"inLanguage":"de-DE"},{"@type":"Person","@id":"https:\/\/faaircraftsales.com\/#\/schema\/person\/f0d5e5d42e2dfa46644ed118b7390c61","name":"Vincent Wigmans","image":{"@type":"ImageObject","inLanguage":"de-DE","@id":"https:\/\/secure.gravatar.com\/avatar\/b4035c020897e0016052900d6f0a1709626eb05158d183c1406a4853954882c1?s=96&d=mm&r=g","url":"https:\/\/secure.gravatar.com\/avatar\/b4035c020897e0016052900d6f0a1709626eb05158d183c1406a4853954882c1?s=96&d=mm&r=g","contentUrl":"https:\/\/secure.gravatar.com\/avatar\/b4035c020897e0016052900d6f0a1709626eb05158d183c1406a4853954882c1?s=96&d=mm&r=g","caption":"Vincent Wigmans"},"url":"https:\/\/faaircraftsales.com\/de\/author\/vincentflyaeolus-com\/"}]}},"_links":{"self":[{"href":"https:\/\/faaircraftsales.com\/de\/wp-json\/wp\/v2\/posts\/20336","targetHints":{"allow":["GET"]}}],"collection":[{"href":"https:\/\/faaircraftsales.com\/de\/wp-json\/wp\/v2\/posts"}],"about":[{"href":"https:\/\/faaircraftsales.com\/de\/wp-json\/wp\/v2\/types\/post"}],"author":[{"embeddable":true,"href":"https:\/\/faaircraftsales.com\/de\/wp-json\/wp\/v2\/users\/2"}],"replies":[{"embeddable":true,"href":"https:\/\/faaircraftsales.com\/de\/wp-json\/wp\/v2\/comments?post=20336"}],"version-history":[{"count":0,"href":"https:\/\/faaircraftsales.com\/de\/wp-json\/wp\/v2\/posts\/20336\/revisions"}],"wp:featuredmedia":[{"embeddable":true,"href":"https:\/\/faaircraftsales.com\/de\/wp-json\/wp\/v2\/media\/20313"}],"wp:attachment":[{"href":"https:\/\/faaircraftsales.com\/de\/wp-json\/wp\/v2\/media?parent=20336"}],"wp:term":[{"taxonomy":"category","embeddable":true,"href":"https:\/\/faaircraftsales.com\/de\/wp-json\/wp\/v2\/categories?post=20336"},{"taxonomy":"post_tag","embeddable":true,"href":"https:\/\/faaircraftsales.com\/de\/wp-json\/wp\/v2\/tags?post=20336"}],"curies":[{"name":"wp","href":"https:\/\/api.w.org\/{rel}","templated":true}]}}